


{"id":106695,"date":"2026-01-09T09:58:10","date_gmt":"2026-01-09T09:58:10","guid":{"rendered":"https:\/\/octagona.com\/?p=106695"},"modified":"2026-02-24T15:29:29","modified_gmt":"2026-02-24T15:29:29","slug":"call-for-internationalization-emilia-romagna-region-2026-2027-opportunities-for-sme-dellemilia-romagna","status":"publish","type":"post","link":"https:\/\/octagona.com\/en\/bando-internazionalizzazione-regione-emilia-romagna-2026-2027-opportunita-per-pmi-dellemilia-romagna\/","title":{"rendered":"Emilia-Romagna Region internationalization call 2026-2027: opportunities for Emilia-Romagna SMEs"},"content":{"rendered":"<p><span class=\"TextRun SCXW10959284 BCX0\" lang=\"IT-IT\" xml:lang=\"IT-IT\" data-contrast=\"auto\"><span class=\"NormalTextRun SCXW10959284 BCX0\">La regione sostiene\u00a0<\/span><span class=\"NormalTextRun SCXW10959284 BCX0\">la crescita internazionale della tua impresa con un contributo a fondo perduto fino al 50%: progetti strutturati, Temporary Export Manager, fiere e attivit\u00e0 di promozione sui mercati esteri.<\/span><\/span><span class=\"EOP SCXW10959284 BCX0\" data-ccp-props=\"{&quot;134233117&quot;:false,&quot;134233118&quot;:false,&quot;335559738&quot;:240,&quot;335559739&quot;:240}\">\u00a0<\/span><\/p>\n<p>\u00a0<\/p>\n<h2 aria-level=\"1\"><span data-contrast=\"none\">Obiettivi principali<\/span><span data-ccp-props=\"{&quot;134245418&quot;:true,&quot;134245529&quot;:true,&quot;335559738&quot;:360,&quot;335559739&quot;:80}\">\u00a0<\/span><\/h2>\n<ul>\n<li aria-setsize=\"-1\" data-leveltext=\"\uf0b7\" data-font=\"Symbol\" data-listid=\"2\" data-list-defn-props=\"{&quot;335552541&quot;:1,&quot;335559685&quot;:720,&quot;335559991&quot;:360,&quot;469769226&quot;:&quot;Symbol&quot;,&quot;469769242&quot;:[8226],&quot;469777803&quot;:&quot;left&quot;,&quot;469777804&quot;:&quot;\uf0b7&quot;,&quot;469777815&quot;:&quot;hybridMultilevel&quot;}\" data-aria-posinset=\"1\" data-aria-level=\"1\"><span data-contrast=\"auto\">Rafforzare la competitivit\u00e0 delle imprese dell\u2019Emilia-Romagna sui mercati internazionali.<\/span><span data-ccp-props=\"{&quot;134233117&quot;:false,&quot;134233118&quot;:false,&quot;335559738&quot;:240,&quot;335559739&quot;:240}\">\u00a0<\/span><\/li>\n<\/ul>\n<ul>\n<li aria-setsize=\"-1\" data-leveltext=\"\uf0b7\" data-font=\"Symbol\" data-listid=\"2\" data-list-defn-props=\"{&quot;335552541&quot;:1,&quot;335559685&quot;:720,&quot;335559991&quot;:360,&quot;469769226&quot;:&quot;Symbol&quot;,&quot;469769242&quot;:[8226],&quot;469777803&quot;:&quot;left&quot;,&quot;469777804&quot;:&quot;\uf0b7&quot;,&quot;469777815&quot;:&quot;hybridMultilevel&quot;}\" data-aria-posinset=\"2\" data-aria-level=\"1\"><span data-contrast=\"auto\">Favorire percorsi strutturati di internazionalizzazione (fiere in presenza, attivit\u00e0 consulenziali, B2B, digital export, ecc.).<\/span><span data-ccp-props=\"{&quot;134233117&quot;:false,&quot;134233118&quot;:false,&quot;335559738&quot;:240,&quot;335559739&quot;:240}\">\u00a0<\/span><\/li>\n<\/ul>\n<ul>\n<li aria-setsize=\"-1\" data-leveltext=\"\uf0b7\" data-font=\"Symbol\" data-listid=\"2\" data-list-defn-props=\"{&quot;335552541&quot;:1,&quot;335559685&quot;:720,&quot;335559991&quot;:360,&quot;469769226&quot;:&quot;Symbol&quot;,&quot;469769242&quot;:[8226],&quot;469777803&quot;:&quot;left&quot;,&quot;469777804&quot;:&quot;\uf0b7&quot;,&quot;469777815&quot;:&quot;hybridMultilevel&quot;}\" data-aria-posinset=\"3\" data-aria-level=\"1\"><span data-contrast=\"auto\">Incentivare progetti con impatto su sostenibilit\u00e0 e neutralit\u00e0 carbonica, privilegiando progetti verso mercati Extra-UE.\u00a0<\/span><span data-ccp-props=\"{&quot;134233117&quot;:false,&quot;134233118&quot;:false,&quot;335559738&quot;:240,&quot;335559739&quot;:240}\">\u00a0<\/span><\/li>\n<\/ul>\n<p>\u00a0<\/p>\n<p><span data-contrast=\"auto\">Le risorse dedicate al biennio 2026-2027 ammontano a complessivi \u20ac 5.000.000.<\/span><span data-ccp-props=\"{&quot;134233117&quot;:false,&quot;134233118&quot;:false,&quot;335559738&quot;:240,&quot;335559739&quot;:240}\">\u00a0<\/span><\/p>\n<p>\u00a0<\/p>\n<h2 aria-level=\"1\"><span data-contrast=\"none\">Chi pu\u00f2 partecipare<\/span><span data-ccp-props=\"{&quot;134245418&quot;:true,&quot;134245529&quot;:true,&quot;335559738&quot;:360,&quot;335559739&quot;:80}\">\u00a0<\/span><\/h2>\n<p><span data-contrast=\"auto\">Possono presentare domanda: PMI e soggetti iscritti al REA in forma singola oppure aggregazioni (ATI\/ATS o Reti di imprese) costituite da almeno\u00a03\u00a0soggetti.<\/span><span data-ccp-props=\"{&quot;134233117&quot;:false,&quot;134233118&quot;:false,&quot;335559738&quot;:240,&quot;335559739&quot;:240}\">\u00a0<\/span><\/p>\n<p><span data-contrast=\"auto\">Tutte le imprese devono avere l\u2019unit\u00e0 operativa rilevante in Emilia-Romagna. Alcune categorie (escluse le imprese agricole come definite dal c.c.) e settori sono disciplinati nel bando e negli allegati.\u00a0<\/span><\/p>\n<p>\u00a0<\/p>\n<h2 aria-level=\"1\"><span data-contrast=\"none\">Interventi e spese ammissibili (in sintesi)<\/span><span data-ccp-props=\"{&quot;134245418&quot;:true,&quot;134245529&quot;:true,&quot;335559738&quot;:360,&quot;335559739&quot;:80}\">\u00a0<\/span><\/h2>\n<p><span data-contrast=\"auto\">Principali voci finanziabili:<\/span><span data-ccp-props=\"{&quot;335559738&quot;:240,&quot;335559739&quot;:240}\">\u00a0<\/span><\/p>\n<ul>\n<li aria-setsize=\"-1\" data-leveltext=\"\uf0b7\" data-font=\"Symbol\" data-listid=\"6\" data-list-defn-props=\"{&quot;335552541&quot;:1,&quot;335559685&quot;:720,&quot;335559991&quot;:360,&quot;469769226&quot;:&quot;Symbol&quot;,&quot;469769242&quot;:[8226],&quot;469777803&quot;:&quot;left&quot;,&quot;469777804&quot;:&quot;\uf0b7&quot;,&quot;469777815&quot;:&quot;hybridMultilevel&quot;}\" data-aria-posinset=\"1\" data-aria-level=\"1\"><span data-contrast=\"auto\">Partecipazione a\u00a0<\/span><b><span data-contrast=\"auto\">fiere internazionali in presenza<\/span><\/b><span data-contrast=\"auto\">\u00a0(fino a 4 fiere; anche fiere internazionali in Italia) svolte nel periodo 24\/02\/2026 \u2013 31\/12\/2027.<\/span><span data-ccp-props=\"{&quot;335559738&quot;:240,&quot;335559739&quot;:240}\">\u00a0<\/span><\/li>\n<\/ul>\n<ul>\n<li aria-setsize=\"-1\" data-leveltext=\"\uf0b7\" data-font=\"Symbol\" data-listid=\"6\" data-list-defn-props=\"{&quot;335552541&quot;:1,&quot;335559685&quot;:720,&quot;335559991&quot;:360,&quot;469769226&quot;:&quot;Symbol&quot;,&quot;469769242&quot;:[8226],&quot;469777803&quot;:&quot;left&quot;,&quot;469777804&quot;:&quot;\uf0b7&quot;,&quot;469777815&quot;:&quot;hybridMultilevel&quot;}\" data-aria-posinset=\"2\" data-aria-level=\"1\"><b><span data-contrast=\"auto\">Consulenze specialistiche<\/span><\/b><span data-contrast=\"auto\">: Temporary Export Manager (TEM), Digital Export Manager (DEM), piani marketing e comunicazione per i paesi target, servizi di ricerca partner e supporto a incontri B2B (esclusi costi organizzativi come sale e catering).<\/span><span data-ccp-props=\"{&quot;335559738&quot;:240,&quot;335559739&quot;:240}\">\u00a0<\/span><\/li>\n<\/ul>\n<ul>\n<li aria-setsize=\"-1\" data-leveltext=\"\uf0b7\" data-font=\"Symbol\" data-listid=\"6\" data-list-defn-props=\"{&quot;335552541&quot;:1,&quot;335559685&quot;:720,&quot;335559991&quot;:360,&quot;469769226&quot;:&quot;Symbol&quot;,&quot;469769242&quot;:[8226],&quot;469777803&quot;:&quot;left&quot;,&quot;469777804&quot;:&quot;\uf0b7&quot;,&quot;469777815&quot;:&quot;hybridMultilevel&quot;}\" data-aria-posinset=\"3\" data-aria-level=\"1\"><span data-contrast=\"auto\"><strong>Costi generali\/indiretti per la definizione e gestione del progetto<\/strong>.<\/span><br \/>\n<span data-contrast=\"auto\">Tutte le attivit\u00e0 e le fatture devono essere datate e realizzate tra il 24\/02\/2026 e il 31\/12\/2027.\u00a0<\/span><\/li>\n<\/ul>\n<p>\u00a0<\/p>\n<h2 aria-level=\"1\"><span data-contrast=\"none\">Requisiti minimi del progetto e regole di rendicontazione<\/span><span data-ccp-props=\"{&quot;134245418&quot;:true,&quot;134245529&quot;:true,&quot;335559738&quot;:360,&quot;335559739&quot;:80}\">\u00a0<\/span><\/h2>\n<ul>\n<li aria-setsize=\"-1\" data-leveltext=\"\uf0b7\" data-font=\"Symbol\" data-listid=\"5\" data-list-defn-props=\"{&quot;335552541&quot;:1,&quot;335559685&quot;:720,&quot;335559991&quot;:360,&quot;469769226&quot;:&quot;Symbol&quot;,&quot;469769242&quot;:[8226],&quot;469777803&quot;:&quot;left&quot;,&quot;469777804&quot;:&quot;\uf0b7&quot;,&quot;469777815&quot;:&quot;hybridMultilevel&quot;}\" data-aria-posinset=\"1\" data-aria-level=\"1\"><span data-contrast=\"auto\">Importo minimo del progetto: \u20ac 25.000 per proposte singole; \u20ac 75.000 per aggregazioni.<\/span><span data-ccp-props=\"{&quot;335559738&quot;:240,&quot;335559739&quot;:240}\">\u00a0<\/span><\/li>\n<\/ul>\n<ul>\n<li aria-setsize=\"-1\" data-leveltext=\"\uf0b7\" data-font=\"Symbol\" data-listid=\"5\" data-list-defn-props=\"{&quot;335552541&quot;:1,&quot;335559685&quot;:720,&quot;335559991&quot;:360,&quot;469769226&quot;:&quot;Symbol&quot;,&quot;469769242&quot;:[8226],&quot;469777803&quot;:&quot;left&quot;,&quot;469777804&quot;:&quot;\uf0b7&quot;,&quot;469777815&quot;:&quot;hybridMultilevel&quot;}\" data-aria-posinset=\"2\" data-aria-level=\"1\"><span data-contrast=\"auto\">In sede di rendicontazione le spese ammissibili effettivamente sostenute devono essere almeno il 50% del costo approvato: sotto questa soglia \u00e8 prevista la revoca totale del contributo.\u00a0<\/span><span data-ccp-props=\"{&quot;335559738&quot;:240,&quot;335559739&quot;:240}\">\u00a0<\/span><\/li>\n<\/ul>\n<p>\u00a0<\/p>\n<h2 aria-level=\"1\"><span data-contrast=\"none\">Entit\u00e0 del contributo e condizioni<\/span><span data-ccp-props=\"{&quot;134245418&quot;:true,&quot;134245529&quot;:true,&quot;335559738&quot;:360,&quot;335559739&quot;:80}\">\u00a0<\/span><\/h2>\n<ul>\n<li aria-setsize=\"-1\" data-leveltext=\"\uf0b7\" data-font=\"Symbol\" data-listid=\"4\" data-list-defn-props=\"{&quot;335552541&quot;:1,&quot;335559685&quot;:720,&quot;335559991&quot;:360,&quot;469769226&quot;:&quot;Symbol&quot;,&quot;469769242&quot;:[8226],&quot;469777803&quot;:&quot;left&quot;,&quot;469777804&quot;:&quot;\uf0b7&quot;,&quot;469777815&quot;:&quot;hybridMultilevel&quot;}\" data-aria-posinset=\"1\" data-aria-level=\"1\"><span data-contrast=\"auto\">Contributo a fondo perduto pari al <strong>50% delle spese<\/strong> ammissibili.<\/span><span data-ccp-props=\"{&quot;335559738&quot;:240,&quot;335559739&quot;:240}\">\u00a0<\/span><\/li>\n<\/ul>\n<ul>\n<li aria-setsize=\"-1\" data-leveltext=\"\uf0b7\" data-font=\"Symbol\" data-listid=\"4\" data-list-defn-props=\"{&quot;335552541&quot;:1,&quot;335559685&quot;:720,&quot;335559991&quot;:360,&quot;469769226&quot;:&quot;Symbol&quot;,&quot;469769242&quot;:[8226],&quot;469777803&quot;:&quot;left&quot;,&quot;469777804&quot;:&quot;\uf0b7&quot;,&quot;469777815&quot;:&quot;hybridMultilevel&quot;}\" data-aria-posinset=\"2\" data-aria-level=\"1\"><span data-contrast=\"auto\">Massimali: fino a <strong>\u20ac 30.000<\/strong> per impresa singola; fino a <strong>\u20ac 140.000<\/strong> per aggregazioni.<\/span><span data-ccp-props=\"{&quot;335559738&quot;:240,&quot;335559739&quot;:240}\">\u00a0<\/span><\/li>\n<\/ul>\n<ul>\n<li aria-setsize=\"-1\" data-leveltext=\"\uf0b7\" data-font=\"Symbol\" data-listid=\"4\" data-list-defn-props=\"{&quot;335552541&quot;:1,&quot;335559685&quot;:720,&quot;335559991&quot;:360,&quot;469769226&quot;:&quot;Symbol&quot;,&quot;469769242&quot;:[8226],&quot;469777803&quot;:&quot;left&quot;,&quot;469777804&quot;:&quot;\uf0b7&quot;,&quot;469777815&quot;:&quot;hybridMultilevel&quot;}\" data-aria-posinset=\"3\" data-aria-level=\"1\"><span data-contrast=\"auto\">In casi previsti (imprese giovanili, femminili, aree montane, ecc.) l\u2019intensit\u00e0 pu\u00f2 salire fino al 55% (vedere art. 5.2 del bando).<\/span><span data-ccp-props=\"{&quot;335559738&quot;:240,&quot;335559739&quot;:240}\">\u00a0<\/span><\/li>\n<\/ul>\n<ul>\n<li aria-setsize=\"-1\" data-leveltext=\"\uf0b7\" data-font=\"Symbol\" data-listid=\"4\" data-list-defn-props=\"{&quot;335552541&quot;:1,&quot;335559685&quot;:720,&quot;335559991&quot;:360,&quot;469769226&quot;:&quot;Symbol&quot;,&quot;469769242&quot;:[8226],&quot;469777803&quot;:&quot;left&quot;,&quot;469777804&quot;:&quot;\uf0b7&quot;,&quot;469777815&quot;:&quot;hybridMultilevel&quot;}\" data-aria-posinset=\"4\" data-aria-level=\"1\"><span data-contrast=\"auto\">Gli aiuti saranno erogati nel rispetto del Regolamento UE 2023\/2831 (\u201cde\u00a0minimis\u201d).\u00a0<\/span><\/li>\n<\/ul>\n<p>\u00a0<\/p>\n<h2 aria-level=\"1\"><span data-contrast=\"none\">Tempistiche, presentazione e chiusura anticipata<\/span><span data-ccp-props=\"{&quot;134245418&quot;:true,&quot;134245529&quot;:true,&quot;335559738&quot;:360,&quot;335559739&quot;:80}\">\u00a0<\/span><\/h2>\n<ul>\n<li aria-setsize=\"-1\" data-leveltext=\"\uf0b7\" data-font=\"Symbol\" data-listid=\"3\" data-list-defn-props=\"{&quot;335552541&quot;:1,&quot;335559685&quot;:720,&quot;335559991&quot;:360,&quot;469769226&quot;:&quot;Symbol&quot;,&quot;469769242&quot;:[8226],&quot;469777803&quot;:&quot;left&quot;,&quot;469777804&quot;:&quot;\uf0b7&quot;,&quot;469777815&quot;:&quot;hybridMultilevel&quot;}\" data-aria-posinset=\"1\" data-aria-level=\"1\"><span data-contrast=\"auto\">Finestra di presentazione: dalle ore 11:00 del<strong> 24 febbraio 2026<\/strong> alle ore 16:00 del <strong>13 marzo 2026<\/strong> (termine finale).<\/span><span data-ccp-props=\"{&quot;335559738&quot;:240,&quot;335559739&quot;:240}\">\u00a0<\/span><\/li>\n<\/ul>\n<ul>\n<li aria-setsize=\"-1\" data-leveltext=\"\uf0b7\" data-font=\"Symbol\" data-listid=\"3\" data-list-defn-props=\"{&quot;335552541&quot;:1,&quot;335559685&quot;:720,&quot;335559991&quot;:360,&quot;469769226&quot;:&quot;Symbol&quot;,&quot;469769242&quot;:[8226],&quot;469777803&quot;:&quot;left&quot;,&quot;469777804&quot;:&quot;\uf0b7&quot;,&quot;469777815&quot;:&quot;hybridMultilevel&quot;}\" data-aria-posinset=\"2\" data-aria-level=\"1\"><span data-contrast=\"auto\">Piattaforma SFINGE 2020: accessibile dal 16 febbraio 2026 ore 13:00 per compilazione e validazione.<\/span><span data-ccp-props=\"{&quot;335559738&quot;:240,&quot;335559739&quot;:240}\">\u00a0<\/span><\/li>\n<\/ul>\n<ul>\n<li aria-setsize=\"-1\" data-leveltext=\"\uf0b7\" data-font=\"Symbol\" data-listid=\"3\" data-list-defn-props=\"{&quot;335552541&quot;:1,&quot;335559685&quot;:720,&quot;335559991&quot;:360,&quot;469769226&quot;:&quot;Symbol&quot;,&quot;469769242&quot;:[8226],&quot;469777803&quot;:&quot;left&quot;,&quot;469777804&quot;:&quot;\uf0b7&quot;,&quot;469777815&quot;:&quot;hybridMultilevel&quot;}\" data-aria-posinset=\"3\" data-aria-level=\"1\"><span data-contrast=\"auto\">Nota importante: la Regione potr\u00e0 chiudere anticipatamente la finestra una volta raggiunto il numero massimo di 300 domande;\u00a0pertanto\u00a0\u00e8 strategico preparare la domanda con anticipo per non perdere l\u2019opportunit\u00e0. Dopo la presentazione, l\u2019impresa ricever\u00e0 il Codice Unico di Progetto (CUP) che dovr\u00e0 essere indicato su tutte le fatture relative alle consulenze.\u00a0<\/span><\/li>\n<\/ul>\n<p><span data-ccp-props=\"{&quot;335559738&quot;:240,&quot;335559739&quot;:240}\">\u00a0<\/span><\/p>\n<h2 aria-level=\"1\"><span data-contrast=\"none\">Procedura di valutazione<\/span><span data-ccp-props=\"{&quot;134245418&quot;:true,&quot;134245529&quot;:true,&quot;335559738&quot;:360,&quot;335559739&quot;:80}\">\u00a0<\/span><\/h2>\n<p><span data-contrast=\"auto\">La selezione avviene con procedura valutativa a graduatoria. L\u2019istruttoria prevede: verifica formale di ammissibilit\u00e0, verifica sostanziale e valutazione di merito (qualit\u00e0 tecnica, capacit\u00e0 di rafforzare la presenza sui mercati esteri, solidit\u00e0 economico-finanziaria del progetto, elementi di sostenibilit\u00e0\/climate action).<\/span><span data-ccp-props=\"{&quot;335559738&quot;:240,&quot;335559739&quot;:240}\">\u00a0<\/span><\/p>\n<p><span data-contrast=\"auto\">L\u2019iter si concluder\u00e0 entro 90 giorni dalla chiusura dei termini (fino a 120 giorni se le domande siano \u2265 200).\u00a0<\/span><span data-ccp-props=\"{&quot;335559738&quot;:240,&quot;335559739&quot;:240}\">\u00a0<\/span><\/p>\n<p><span data-ccp-props=\"{}\">\u00a0<\/span><\/p>\n<h2 aria-level=\"1\"><span data-contrast=\"none\">Come Octagona pu\u00f2 supportarti:\u00a0il nostro valore aggiunto<\/span><span data-ccp-props=\"{&quot;134245418&quot;:true,&quot;134245529&quot;:true,&quot;335559738&quot;:360,&quot;335559739&quot;:80}\">\u00a0<\/span><\/h2>\n<p><span data-contrast=\"auto\">Octagona affianca le PMI in tutte le fasi del progetto di internazionalizzazione:<\/span><span data-ccp-props=\"{&quot;335559738&quot;:240,&quot;335559739&quot;:240}\">\u00a0<\/span><\/p>\n<ul>\n<li aria-setsize=\"-1\" data-leveltext=\"\uf0b7\" data-font=\"Symbol\" data-listid=\"1\" data-list-defn-props=\"{&quot;335552541&quot;:1,&quot;335559685&quot;:720,&quot;335559991&quot;:360,&quot;469769226&quot;:&quot;Symbol&quot;,&quot;469769242&quot;:[8226],&quot;469777803&quot;:&quot;left&quot;,&quot;469777804&quot;:&quot;\uf0b7&quot;,&quot;469777815&quot;:&quot;hybridMultilevel&quot;}\" data-aria-posinset=\"1\" data-aria-level=\"1\"><b><span data-contrast=\"auto\">Pre-assessment e verifica di ammissibilit\u00e0<\/span><\/b><span data-contrast=\"auto\">: analisi rapida della tua idea\u00a0di progetto e del budget ammissibile.<\/span><span data-ccp-props=\"{&quot;335559738&quot;:240,&quot;335559739&quot;:240}\">\u00a0<\/span><\/li>\n<\/ul>\n<ul>\n<li aria-setsize=\"-1\" data-leveltext=\"\uf0b7\" data-font=\"Symbol\" data-listid=\"1\" data-list-defn-props=\"{&quot;335552541&quot;:1,&quot;335559685&quot;:720,&quot;335559991&quot;:360,&quot;469769226&quot;:&quot;Symbol&quot;,&quot;469769242&quot;:[8226],&quot;469777803&quot;:&quot;left&quot;,&quot;469777804&quot;:&quot;\uf0b7&quot;,&quot;469777815&quot;:&quot;hybridMultilevel&quot;}\" data-aria-posinset=\"2\" data-aria-level=\"1\"><b><span data-contrast=\"auto\">Supporto alla costruzione del dossier\u00a0tramite partner tecnico qualificato.\u00a0<\/span><\/b><span data-ccp-props=\"{&quot;335559738&quot;:240,&quot;335559739&quot;:240}\">\u00a0<\/span><\/li>\n<\/ul>\n<ul>\n<li aria-setsize=\"-1\" data-leveltext=\"\uf0b7\" data-font=\"Symbol\" data-listid=\"8\" data-list-defn-props=\"{&quot;335552541&quot;:1,&quot;335559685&quot;:720,&quot;335559991&quot;:360,&quot;469769226&quot;:&quot;Symbol&quot;,&quot;469769242&quot;:[8226],&quot;469777803&quot;:&quot;left&quot;,&quot;469777804&quot;:&quot;\uf0b7&quot;,&quot;469777815&quot;:&quot;hybridMultilevel&quot;}\" data-aria-posinset=\"10\" data-aria-level=\"1\"><b><span data-contrast=\"auto\">Supporto operativo e consulenziale<\/span><\/b><span data-contrast=\"auto\">: Temporary Export Manager, Digital Export Manager, piani marketing internazionali, organizzazione incontri B2B e\u00a0ricerca partner commerciali.\u00a0<\/span><span data-ccp-props=\"{&quot;134233117&quot;:false,&quot;134233118&quot;:false,&quot;335559738&quot;:240,&quot;335559739&quot;:240}\">\u00a0<\/span><\/li>\n<\/ul>\n<ul>\n<li aria-setsize=\"-1\" data-leveltext=\"\uf0b7\" data-font=\"Symbol\" data-listid=\"8\" data-list-defn-props=\"{&quot;335552541&quot;:1,&quot;335559685&quot;:720,&quot;335559991&quot;:360,&quot;469769226&quot;:&quot;Symbol&quot;,&quot;469769242&quot;:[8226],&quot;469777803&quot;:&quot;left&quot;,&quot;469777804&quot;:&quot;\uf0b7&quot;,&quot;469777815&quot;:&quot;hybridMultilevel&quot;}\" data-aria-posinset=\"11\" data-aria-level=\"1\"><b><span data-contrast=\"auto\">Chiusura e presentazione della pratica<\/span><\/b><span data-contrast=\"auto\">\u00a0finale tramite il supporto di partner tecnico qualificato.<\/span><span data-ccp-props=\"{&quot;134233117&quot;:false,&quot;134233118&quot;:false,&quot;335559738&quot;:240,&quot;335559739&quot;:240}\">\u00a0<\/span><\/li>\n<\/ul>\n<p>\u00a0<\/p>\n<p><span data-contrast=\"auto\">Grazie alla nostra presenza internazionale e all\u2019esperienza in progetti simili, trasformiamo l\u2019opportunit\u00e0 di contributo regionale in un piano operativo concreto e misurabile.<\/span><span data-ccp-props=\"{&quot;335559738&quot;:240,&quot;335559739&quot;:240}\">\u00a0<\/span><\/p>\n<p><span data-ccp-props=\"{}\">Per ulteriori informazioni vi invitiamo a consultare il sito ufficiale del <a href=\"https:\/\/fesr.regione.emilia-romagna.it\/opportunita\/opportunita-di-finanziamento\/2025\/sostegno-a-progetti-di-internazionalizzazione-delle-p-m-i-e-aggregazioni-di-p-m-i-2026-2027\/bando-e-modulistica\/bando.pdf\/@@download\/file\/Bando.pdf\" target=\"_blank\" rel=\"noopener\">bando<\/a>.\u00a0\u00a0<\/span><\/p>\n<p>\u00a0<\/p>\n<p><strong><em>Vuoi capire se il tuo progetto \u00e8 ammissibile e massimizzare il punteggio in graduatoria?\u00a0<\/em><\/strong><br \/>\n<span data-contrast=\"auto\">Scrivi a\u00a0<\/span><a href=\"mailto:octagona@octagona.com\"><span data-contrast=\"none\">octagona@octagona.com<\/span><\/a><span data-contrast=\"auto\"> indicando \u201cBando RER Internazionalizzazione 2026-27\u201d per fissare una prima <strong>consulenza gratuita<\/strong> con uno dei nostri Senior Consultant. <\/span><span data-ccp-props=\"{&quot;335559738&quot;:240,&quot;335559739&quot;:240}\">\u00a0<\/span><\/p>\n<p>\u00a0<\/p>\n","protected":false},"excerpt":{"rendered":"<p>La regione sostiene\u00a0la crescita internazionale della tua impresa con un contributo a fondo perduto fino al 50%: progetti strutturati, Temporary Export Manager, fiere e attivit\u00e0 di promozione sui mercati esteri.\u00a0 \u00a0 Obiettivi principali\u00a0 Rafforzare la competitivit\u00e0 delle imprese dell\u2019Emilia-Romagna sui mercati internazionali.\u00a0 Favorire percorsi strutturati di internazionalizzazione (fiere in presenza, attivit\u00e0 consulenziali, B2B, digital export, [&#8230;]<\/p>\n<p><a class=\"btn btn-secondary octgn-read-more-link\" href=\"https:\/\/octagona.com\/en\/bando-internazionalizzazione-regione-emilia-romagna-2026-2027-opportunita-per-pmi-dellemilia-romagna\/\">Read More&#8230;<\/a><\/p>\n","protected":false},"author":6,"featured_media":106697,"comment_status":"closed","ping_status":"closed","sticky":false,"template":"","format":"standard","meta":{"_acf_changed":false,"footnotes":""},"categories":[4],"tags":[],"class_list":["post-106695","post","type-post","status-publish","format-standard","has-post-thumbnail","hentry","category-internazionalizzazione-imprese"],"acf":[],"yoast_head":"<!-- This site is optimized with the Yoast SEO plugin v27.5 - https:\/\/yoast.com\/product\/yoast-seo-wordpress\/ -->\n<title>Bando internazionalizzazione PMI Emilia-Romagna 2026 | Octagona<\/title>\n<meta name=\"description\" content=\"La regione sostiene\u00a0la crescita internazionale della tua impresa con un contributo a fondo perduto fino al 50%: progetti strutturati, temporary export manager, fiere e attivit\u00e0 di promozione sui mercati esteri.\u00a0\" \/>\n<meta name=\"robots\" content=\"index, follow, max-snippet:-1, max-image-preview:large, max-video-preview:-1\" \/>\n<link rel=\"canonical\" href=\"https:\/\/octagona.com\/en\/call-for-internationalization-emilia-romagna-region-2026-2027-opportunities-for-sme-dellemilia-romagna\/\" \/>\n<meta property=\"og:locale\" content=\"en_US\" \/>\n<meta property=\"og:type\" content=\"article\" \/>\n<meta property=\"og:title\" content=\"Bando internazionalizzazione PMI Emilia-Romagna 2026 | Octagona\" \/>\n<meta property=\"og:description\" content=\"La regione sostiene\u00a0la crescita internazionale della tua impresa con un contributo a fondo perduto fino al 50%: progetti strutturati, temporary export manager, fiere e attivit\u00e0 di promozione sui mercati esteri.\u00a0\" \/>\n<meta property=\"og:url\" content=\"https:\/\/octagona.com\/en\/call-for-internationalization-emilia-romagna-region-2026-2027-opportunities-for-sme-dellemilia-romagna\/\" \/>\n<meta property=\"og:site_name\" content=\"Octagona Srl\" \/>\n<meta property=\"article:published_time\" content=\"2026-01-09T09:58:10+00:00\" \/>\n<meta property=\"article:modified_time\" content=\"2026-02-24T15:29:29+00:00\" \/>\n<meta property=\"og:image\" content=\"https:\/\/octagona.com\/wp-content\/uploads\/2026\/01\/IMMAGINI-ARTICOLI-2.jpg\" \/>\n\t<meta property=\"og:image:width\" content=\"1920\" \/>\n\t<meta property=\"og:image:height\" content=\"1080\" \/>\n\t<meta property=\"og:image:type\" content=\"image\/jpeg\" \/>\n<meta name=\"author\" content=\"Sara Cuoghi\" \/>\n<meta name=\"twitter:card\" content=\"summary_large_image\" \/>\n<meta name=\"twitter:label1\" content=\"Written by\" \/>\n\t<meta name=\"twitter:data1\" content=\"Sara Cuoghi\" \/>\n\t<meta name=\"twitter:label2\" content=\"Est. reading time\" \/>\n\t<meta name=\"twitter:data2\" content=\"4 minutes\" \/>\n<script type=\"application\/ld+json\" class=\"yoast-schema-graph\">{\"@context\":\"https:\\\/\\\/schema.org\",\"@graph\":[{\"@type\":\"Article\",\"@id\":\"https:\\\/\\\/octagona.com\\\/bando-internazionalizzazione-regione-emilia-romagna-2026-2027-opportunita-per-pmi-dellemilia-romagna\\\/#article\",\"isPartOf\":{\"@id\":\"https:\\\/\\\/octagona.com\\\/bando-internazionalizzazione-regione-emilia-romagna-2026-2027-opportunita-per-pmi-dellemilia-romagna\\\/\"},\"author\":{\"name\":\"Sara Cuoghi\",\"@id\":\"https:\\\/\\\/octagona.com\\\/#\\\/schema\\\/person\\\/16c0a47acb5d9454f8b4293e34897199\"},\"headline\":\"Bando Internazionalizzazione Regione Emilia-Romagna 2026-2027: opportunit\u00e0 per PMI dell\u2019Emilia-Romagna\",\"datePublished\":\"2026-01-09T09:58:10+00:00\",\"dateModified\":\"2026-02-24T15:29:29+00:00\",\"mainEntityOfPage\":{\"@id\":\"https:\\\/\\\/octagona.com\\\/bando-internazionalizzazione-regione-emilia-romagna-2026-2027-opportunita-per-pmi-dellemilia-romagna\\\/\"},\"wordCount\":630,\"publisher\":{\"@id\":\"https:\\\/\\\/octagona.com\\\/#organization\"},\"image\":{\"@id\":\"https:\\\/\\\/octagona.com\\\/bando-internazionalizzazione-regione-emilia-romagna-2026-2027-opportunita-per-pmi-dellemilia-romagna\\\/#primaryimage\"},\"thumbnailUrl\":\"https:\\\/\\\/octagona.com\\\/wp-content\\\/uploads\\\/2026\\\/01\\\/IMMAGINI-ARTICOLI-2.jpg\",\"articleSection\":[\"Internazionalizzazione\"],\"inLanguage\":\"en-US\"},{\"@type\":\"WebPage\",\"@id\":\"https:\\\/\\\/octagona.com\\\/bando-internazionalizzazione-regione-emilia-romagna-2026-2027-opportunita-per-pmi-dellemilia-romagna\\\/\",\"url\":\"https:\\\/\\\/octagona.com\\\/bando-internazionalizzazione-regione-emilia-romagna-2026-2027-opportunita-per-pmi-dellemilia-romagna\\\/\",\"name\":\"Bando internazionalizzazione PMI Emilia-Romagna 2026 | Octagona\",\"isPartOf\":{\"@id\":\"https:\\\/\\\/octagona.com\\\/#website\"},\"primaryImageOfPage\":{\"@id\":\"https:\\\/\\\/octagona.com\\\/bando-internazionalizzazione-regione-emilia-romagna-2026-2027-opportunita-per-pmi-dellemilia-romagna\\\/#primaryimage\"},\"image\":{\"@id\":\"https:\\\/\\\/octagona.com\\\/bando-internazionalizzazione-regione-emilia-romagna-2026-2027-opportunita-per-pmi-dellemilia-romagna\\\/#primaryimage\"},\"thumbnailUrl\":\"https:\\\/\\\/octagona.com\\\/wp-content\\\/uploads\\\/2026\\\/01\\\/IMMAGINI-ARTICOLI-2.jpg\",\"datePublished\":\"2026-01-09T09:58:10+00:00\",\"dateModified\":\"2026-02-24T15:29:29+00:00\",\"description\":\"La regione sostiene\u00a0la crescita internazionale della tua impresa con un contributo a fondo perduto fino al 50%: progetti strutturati, temporary export manager, fiere e attivit\u00e0 di promozione sui mercati esteri.\u00a0\",\"breadcrumb\":{\"@id\":\"https:\\\/\\\/octagona.com\\\/bando-internazionalizzazione-regione-emilia-romagna-2026-2027-opportunita-per-pmi-dellemilia-romagna\\\/#breadcrumb\"},\"inLanguage\":\"en-US\",\"potentialAction\":[{\"@type\":\"ReadAction\",\"target\":[\"https:\\\/\\\/octagona.com\\\/bando-internazionalizzazione-regione-emilia-romagna-2026-2027-opportunita-per-pmi-dellemilia-romagna\\\/\"]}]},{\"@type\":\"ImageObject\",\"inLanguage\":\"en-US\",\"@id\":\"https:\\\/\\\/octagona.com\\\/bando-internazionalizzazione-regione-emilia-romagna-2026-2027-opportunita-per-pmi-dellemilia-romagna\\\/#primaryimage\",\"url\":\"https:\\\/\\\/octagona.com\\\/wp-content\\\/uploads\\\/2026\\\/01\\\/IMMAGINI-ARTICOLI-2.jpg\",\"contentUrl\":\"https:\\\/\\\/octagona.com\\\/wp-content\\\/uploads\\\/2026\\\/01\\\/IMMAGINI-ARTICOLI-2.jpg\",\"width\":1920,\"height\":1080},{\"@type\":\"BreadcrumbList\",\"@id\":\"https:\\\/\\\/octagona.com\\\/bando-internazionalizzazione-regione-emilia-romagna-2026-2027-opportunita-per-pmi-dellemilia-romagna\\\/#breadcrumb\",\"itemListElement\":[{\"@type\":\"ListItem\",\"position\":1,\"name\":\"Home\",\"item\":\"https:\\\/\\\/octagona.com\\\/\"},{\"@type\":\"ListItem\",\"position\":2,\"name\":\"Bando Internazionalizzazione Regione Emilia-Romagna 2026-2027: opportunit\u00e0 per PMI dell\u2019Emilia-Romagna\"}]},{\"@type\":\"WebSite\",\"@id\":\"https:\\\/\\\/octagona.com\\\/#website\",\"url\":\"https:\\\/\\\/octagona.com\\\/\",\"name\":\"Octagona Srl\",\"description\":\"Widen your Ambitions\",\"publisher\":{\"@id\":\"https:\\\/\\\/octagona.com\\\/#organization\"},\"potentialAction\":[{\"@type\":\"SearchAction\",\"target\":{\"@type\":\"EntryPoint\",\"urlTemplate\":\"https:\\\/\\\/octagona.com\\\/?s={search_term_string}\"},\"query-input\":{\"@type\":\"PropertyValueSpecification\",\"valueRequired\":true,\"valueName\":\"search_term_string\"}}],\"inLanguage\":\"en-US\"},{\"@type\":\"Organization\",\"@id\":\"https:\\\/\\\/octagona.com\\\/#organization\",\"name\":\"Octagona Srl\",\"url\":\"https:\\\/\\\/octagona.com\\\/\",\"logo\":{\"@type\":\"ImageObject\",\"inLanguage\":\"en-US\",\"@id\":\"https:\\\/\\\/octagona.com\\\/#\\\/schema\\\/logo\\\/image\\\/\",\"url\":\"https:\\\/\\\/octagona.com\\\/wp-content\\\/uploads\\\/2022\\\/03\\\/logo-w.png\",\"contentUrl\":\"https:\\\/\\\/octagona.com\\\/wp-content\\\/uploads\\\/2022\\\/03\\\/logo-w.png\",\"width\":218,\"height\":40,\"caption\":\"Octagona Srl\"},\"image\":{\"@id\":\"https:\\\/\\\/octagona.com\\\/#\\\/schema\\\/logo\\\/image\\\/\"}},{\"@type\":\"Person\",\"@id\":\"https:\\\/\\\/octagona.com\\\/#\\\/schema\\\/person\\\/16c0a47acb5d9454f8b4293e34897199\",\"name\":\"Sara Cuoghi\",\"image\":{\"@type\":\"ImageObject\",\"inLanguage\":\"en-US\",\"@id\":\"https:\\\/\\\/secure.gravatar.com\\\/avatar\\\/862841fc6a956bd73c532e4537266fcb3d24bfd43852cf1e24d13ac93e391968?s=96&d=mm&r=g\",\"url\":\"https:\\\/\\\/secure.gravatar.com\\\/avatar\\\/862841fc6a956bd73c532e4537266fcb3d24bfd43852cf1e24d13ac93e391968?s=96&d=mm&r=g\",\"contentUrl\":\"https:\\\/\\\/secure.gravatar.com\\\/avatar\\\/862841fc6a956bd73c532e4537266fcb3d24bfd43852cf1e24d13ac93e391968?s=96&d=mm&r=g\",\"caption\":\"Sara Cuoghi\"}}]}<\/script>\n<!-- \/ Yoast SEO plugin. -->","yoast_head_json":{"title":"Emilia-Romagna SME internationalization call 2026 | Octagona","description":"The region supports the international growth of your business with a grant of up to 50%: structured projects, temporary export managers, trade fairs and promotional activities in foreign markets.\u00a0","robots":{"index":"index","follow":"follow","max-snippet":"max-snippet:-1","max-image-preview":"max-image-preview:large","max-video-preview":"max-video-preview:-1"},"canonical":"https:\/\/octagona.com\/en\/call-for-internationalization-emilia-romagna-region-2026-2027-opportunities-for-sme-dellemilia-romagna\/","og_locale":"en_US","og_type":"article","og_title":"Bando internazionalizzazione PMI Emilia-Romagna 2026 | Octagona","og_description":"La regione sostiene\u00a0la crescita internazionale della tua impresa con un contributo a fondo perduto fino al 50%: progetti strutturati, temporary export manager, fiere e attivit\u00e0 di promozione sui mercati esteri.\u00a0","og_url":"https:\/\/octagona.com\/en\/call-for-internationalization-emilia-romagna-region-2026-2027-opportunities-for-sme-dellemilia-romagna\/","og_site_name":"Octagona Srl","article_published_time":"2026-01-09T09:58:10+00:00","article_modified_time":"2026-02-24T15:29:29+00:00","og_image":[{"width":1920,"height":1080,"url":"https:\/\/octagona.com\/wp-content\/uploads\/2026\/01\/IMMAGINI-ARTICOLI-2.jpg","type":"image\/jpeg"}],"author":"Sara Cuoghi","twitter_card":"summary_large_image","twitter_misc":{"Written by":"Sara Cuoghi","Est. reading time":"4 minutes"},"schema":{"@context":"https:\/\/schema.org","@graph":[{"@type":"Article","@id":"https:\/\/octagona.com\/bando-internazionalizzazione-regione-emilia-romagna-2026-2027-opportunita-per-pmi-dellemilia-romagna\/#article","isPartOf":{"@id":"https:\/\/octagona.com\/bando-internazionalizzazione-regione-emilia-romagna-2026-2027-opportunita-per-pmi-dellemilia-romagna\/"},"author":{"name":"Sara Cuoghi","@id":"https:\/\/octagona.com\/#\/schema\/person\/16c0a47acb5d9454f8b4293e34897199"},"headline":"Bando Internazionalizzazione Regione Emilia-Romagna 2026-2027: opportunit\u00e0 per PMI dell\u2019Emilia-Romagna","datePublished":"2026-01-09T09:58:10+00:00","dateModified":"2026-02-24T15:29:29+00:00","mainEntityOfPage":{"@id":"https:\/\/octagona.com\/bando-internazionalizzazione-regione-emilia-romagna-2026-2027-opportunita-per-pmi-dellemilia-romagna\/"},"wordCount":630,"publisher":{"@id":"https:\/\/octagona.com\/#organization"},"image":{"@id":"https:\/\/octagona.com\/bando-internazionalizzazione-regione-emilia-romagna-2026-2027-opportunita-per-pmi-dellemilia-romagna\/#primaryimage"},"thumbnailUrl":"https:\/\/octagona.com\/wp-content\/uploads\/2026\/01\/IMMAGINI-ARTICOLI-2.jpg","articleSection":["Internazionalizzazione"],"inLanguage":"en-US"},{"@type":"WebPage","@id":"https:\/\/octagona.com\/bando-internazionalizzazione-regione-emilia-romagna-2026-2027-opportunita-per-pmi-dellemilia-romagna\/","url":"https:\/\/octagona.com\/bando-internazionalizzazione-regione-emilia-romagna-2026-2027-opportunita-per-pmi-dellemilia-romagna\/","name":"Emilia-Romagna SME internationalization call 2026 | Octagona","isPartOf":{"@id":"https:\/\/octagona.com\/#website"},"primaryImageOfPage":{"@id":"https:\/\/octagona.com\/bando-internazionalizzazione-regione-emilia-romagna-2026-2027-opportunita-per-pmi-dellemilia-romagna\/#primaryimage"},"image":{"@id":"https:\/\/octagona.com\/bando-internazionalizzazione-regione-emilia-romagna-2026-2027-opportunita-per-pmi-dellemilia-romagna\/#primaryimage"},"thumbnailUrl":"https:\/\/octagona.com\/wp-content\/uploads\/2026\/01\/IMMAGINI-ARTICOLI-2.jpg","datePublished":"2026-01-09T09:58:10+00:00","dateModified":"2026-02-24T15:29:29+00:00","description":"The region supports the international growth of your business with a grant of up to 50%: structured projects, temporary export managers, trade fairs and promotional activities in foreign markets.\u00a0","breadcrumb":{"@id":"https:\/\/octagona.com\/bando-internazionalizzazione-regione-emilia-romagna-2026-2027-opportunita-per-pmi-dellemilia-romagna\/#breadcrumb"},"inLanguage":"en-US","potentialAction":[{"@type":"ReadAction","target":["https:\/\/octagona.com\/bando-internazionalizzazione-regione-emilia-romagna-2026-2027-opportunita-per-pmi-dellemilia-romagna\/"]}]},{"@type":"ImageObject","inLanguage":"en-US","@id":"https:\/\/octagona.com\/bando-internazionalizzazione-regione-emilia-romagna-2026-2027-opportunita-per-pmi-dellemilia-romagna\/#primaryimage","url":"https:\/\/octagona.com\/wp-content\/uploads\/2026\/01\/IMMAGINI-ARTICOLI-2.jpg","contentUrl":"https:\/\/octagona.com\/wp-content\/uploads\/2026\/01\/IMMAGINI-ARTICOLI-2.jpg","width":1920,"height":1080},{"@type":"BreadcrumbList","@id":"https:\/\/octagona.com\/bando-internazionalizzazione-regione-emilia-romagna-2026-2027-opportunita-per-pmi-dellemilia-romagna\/#breadcrumb","itemListElement":[{"@type":"ListItem","position":1,"name":"Home","item":"https:\/\/octagona.com\/"},{"@type":"ListItem","position":2,"name":"Bando Internazionalizzazione Regione Emilia-Romagna 2026-2027: opportunit\u00e0 per PMI dell\u2019Emilia-Romagna"}]},{"@type":"WebSite","@id":"https:\/\/octagona.com\/#website","url":"https:\/\/octagona.com\/","name":"Octagona Ltd.","description":"Widen your Ambitions","publisher":{"@id":"https:\/\/octagona.com\/#organization"},"potentialAction":[{"@type":"SearchAction","target":{"@type":"EntryPoint","urlTemplate":"https:\/\/octagona.com\/?s={search_term_string}"},"query-input":{"@type":"PropertyValueSpecification","valueRequired":true,"valueName":"search_term_string"}}],"inLanguage":"en-US"},{"@type":"Organization","@id":"https:\/\/octagona.com\/#organization","name":"Octagona Ltd.","url":"https:\/\/octagona.com\/","logo":{"@type":"ImageObject","inLanguage":"en-US","@id":"https:\/\/octagona.com\/#\/schema\/logo\/image\/","url":"https:\/\/octagona.com\/wp-content\/uploads\/2022\/03\/logo-w.png","contentUrl":"https:\/\/octagona.com\/wp-content\/uploads\/2022\/03\/logo-w.png","width":218,"height":40,"caption":"Octagona Srl"},"image":{"@id":"https:\/\/octagona.com\/#\/schema\/logo\/image\/"}},{"@type":"Person","@id":"https:\/\/octagona.com\/#\/schema\/person\/16c0a47acb5d9454f8b4293e34897199","name":"Sara Cuoghi","image":{"@type":"ImageObject","inLanguage":"en-US","@id":"https:\/\/secure.gravatar.com\/avatar\/862841fc6a956bd73c532e4537266fcb3d24bfd43852cf1e24d13ac93e391968?s=96&d=mm&r=g","url":"https:\/\/secure.gravatar.com\/avatar\/862841fc6a956bd73c532e4537266fcb3d24bfd43852cf1e24d13ac93e391968?s=96&d=mm&r=g","contentUrl":"https:\/\/secure.gravatar.com\/avatar\/862841fc6a956bd73c532e4537266fcb3d24bfd43852cf1e24d13ac93e391968?s=96&d=mm&r=g","caption":"Sara Cuoghi"}}]}},"_links":{"self":[{"href":"https:\/\/octagona.com\/en\/wp-json\/wp\/v2\/posts\/106695","targetHints":{"allow":["GET"]}}],"collection":[{"href":"https:\/\/octagona.com\/en\/wp-json\/wp\/v2\/posts"}],"about":[{"href":"https:\/\/octagona.com\/en\/wp-json\/wp\/v2\/types\/post"}],"author":[{"embeddable":true,"href":"https:\/\/octagona.com\/en\/wp-json\/wp\/v2\/users\/6"}],"replies":[{"embeddable":true,"href":"https:\/\/octagona.com\/en\/wp-json\/wp\/v2\/comments?post=106695"}],"version-history":[{"count":7,"href":"https:\/\/octagona.com\/en\/wp-json\/wp\/v2\/posts\/106695\/revisions"}],"predecessor-version":[{"id":106703,"href":"https:\/\/octagona.com\/en\/wp-json\/wp\/v2\/posts\/106695\/revisions\/106703"}],"wp:featuredmedia":[{"embeddable":true,"href":"https:\/\/octagona.com\/en\/wp-json\/wp\/v2\/media\/106697"}],"wp:attachment":[{"href":"https:\/\/octagona.com\/en\/wp-json\/wp\/v2\/media?parent=106695"}],"wp:term":[{"taxonomy":"category","embeddable":true,"href":"https:\/\/octagona.com\/en\/wp-json\/wp\/v2\/categories?post=106695"},{"taxonomy":"post_tag","embeddable":true,"href":"https:\/\/octagona.com\/en\/wp-json\/wp\/v2\/tags?post=106695"}],"curies":[{"name":"wp","href":"https:\/\/api.w.org\/{rel}","templated":true}]}}