


{"id":1765,"date":"2015-09-16T11:15:14","date_gmt":"2015-09-16T09:15:14","guid":{"rendered":"https:\/\/www.octagona.com\/?p=1765"},"modified":"2022-11-15T16:48:40","modified_gmt":"2022-11-15T16:48:40","slug":"octagona-with-minas-gerais-italian-chamber-of-commerce-for-october-business-mission-in-milan","status":"publish","type":"post","link":"https:\/\/octagona.com\/en\/octagona-con-la-camera-di-commercio-italiana-del-minas-gerais-per-la-business-mission-di-ottobre-a-milano\/","title":{"rendered":"Octagona with Italian Chamber of Commerce of Minas Gerais for October Business Mission in Milan, Italy"},"content":{"rendered":"<p>Minas Gerais State Week at Milan Expo opens Oct. 12-16. <span style=\"font-weight: 400;\">Italia e Brasile hanno sempre avuto legami storici, commerciali e culturali molto profondi e molto si pu\u00f2 ancora fare per rafforzare le relazioni tra i due Paesi: proprio per questo motivo, lo stato di Minas Gerais, la <\/span><a href=\"http:\/\/www.italiabrasil.com.br\/\" target=\"_blank\" rel=\"noopener\"><span style=\"font-weight: 400;\">Italian Chamber of Commerce<\/span><\/a><span style=\"font-weight: 400;\"> of Minas Gerais<\/span><span style=\"font-weight: 400;\"> and the\u00a0<\/span><a href=\"http:\/\/www7.fiemg.com.br\/\" target=\"_blank\" rel=\"noopener\"><span style=\"font-weight: 400;\">FIEMG<\/span><\/a><span style=\"font-weight: 400;\"> (Industrial Federation of the State of Minas Gerais) have organized a <\/span><strong><i>business mission<\/i><\/strong><span style=\"font-weight: 400;\"> In the above period, <\/span><span style=\"font-weight: 400;\">il cui programma si svolger\u00e0 <strong>nel contesto \u00a0di Expo 2015<\/strong>.<\/span><\/p>\n<p style=\"text-align: justify;\"><span style=\"font-weight: 400;\">Octagona, <\/span><span style=\"font-weight: 400;\">gi\u00e0 operativa dal 2012 nel mercato brasiliano attraverso una sede diretta a Belo Horizonte<\/span><span style=\"font-weight: 400;\"> (capital of Minas Gerais), <\/span><span style=\"font-weight: 400;\">collaborer\u00e0<\/span><span style=\"font-weight: 400;\"> \u00a0at <\/span><i><span style=\"font-weight: 400;\">business mission<\/span><\/i><span style=\"font-weight: 400;\">.<\/span><\/p>\n<p style=\"text-align: justify;\">L\u2019obiettivo dell\u2019evento \u00e8 quello di <strong>identify potential partnerships<\/strong> (representatives, buyers, distributors, suppliers of specialized technology, etc.). <strong>ed opportunit\u00e0 commerciali tra aziende brasiliane ed italiane<\/strong>, but also, for the Brazilian delegation, to learn about new technologies and production processes of made in Italy; in fact, the program includes meetings and meetings between companies with technical visits to sectoral clusters.<\/p>\n<p style=\"text-align: justify;\"><span style=\"font-weight: 400;\">Brazilian companies present operate in the following sectors:<\/span><\/p>\n<ul style=\"text-align: justify;\">\n<li><span style=\"font-weight: 400;\">food & beverage;<\/span><\/li>\n<li><span style=\"font-weight: 400;\">fashion;<\/span><\/li>\n<li><span style=\"font-weight: 400;\">machines and equipment;<\/span><\/li>\n<li><span style=\"font-weight: 400;\">furniture;<\/span><\/li>\n<li><span style=\"font-weight: 400;\">automotive. <\/span><\/li>\n<\/ul>\n<p style=\"text-align: justify;\"><span style=\"font-weight: 400;\">The program also includes the <strong>holding of seminars<\/strong>: all\u2019interno di essi si parler\u00e0 delle potenzialit\u00e0 del Minas Gerais, delle opportunit\u00e0 di investimento presenti e delle possibilit\u00e0 di business nel settore automotive e in quello turistico. <\/span><\/p>\n<p style=\"text-align: justify;\"><span style=\"font-weight: 400;\">Se vuoi saperne di pi\u00f9 sulla business mission e sulle attivit\u00e0 di Octagona nel mercato brasiliano, contattaci al numero telefonico <strong>059.9770184<\/strong>, all\u2019indirizzo mail <\/span><a href=\"mailto:octagona@octagona.com\"><span style=\"font-weight: 400;\">octagona@octagona.com<\/span><\/a><span style=\"font-weight: 400;\"> or to our <\/span><a href=\"https:\/\/octagona.com\/en\/contacts\/\" target=\"_blank\" rel=\"noopener\"><span style=\"font-weight: 400;\">contact form<\/span><\/a><span style=\"font-weight: 400;\">: you will receive all the information you need.<\/span><\/p>\n<p>\u00a0<\/p>\n<p><strong>ALSO READ:<\/strong><\/p>\n<p><a href=\"https:\/\/octagona.com\/en\/how-to-do-business-in-india-asean-and-brazil-attend-confindustria-veronas-one-to-one-meetings\/\">How to do business in India, ASEAN and Brazil? Attend Confindustria Verona's one-on-one meetings!<\/a><\/p>\n<p><a href=\"https:\/\/octagona.com\/en\/agribusiness-in-brazil-growth-opportunity\/\">Agribusiness in Brazil: opportunities and growth<\/a><\/p>\n<p><a href=\"https:\/\/octagona.com\/en\/india-and-brazil-the-opportunities-for-a-common-growth-path-2\/\">India and Brazil: opportunities for a common growth path<\/a><\/p>\n<p>\u00a0<\/p>","protected":false},"excerpt":{"rendered":"<p>Dal 12 al 16 ottobre apre la settimana dello Stato di Minas Gerais a Milano Expo. Italia e Brasile hanno sempre avuto legami storici, commerciali e culturali molto profondi e molto si pu\u00f2 ancora fare per rafforzare le relazioni tra i due Paesi: proprio per questo motivo, lo stato di Minas Gerais, la Camera di [&#8230;]<\/p>\n<p><a class=\"btn btn-secondary octgn-read-more-link\" href=\"https:\/\/octagona.com\/en\/octagona-con-la-camera-di-commercio-italiana-del-minas-gerais-per-la-business-mission-di-ottobre-a-milano\/\">Read More&#8230;<\/a><\/p>\n","protected":false},"author":3,"featured_media":283,"comment_status":"open","ping_status":"closed","sticky":false,"template":"","format":"standard","meta":{"_acf_changed":false,"footnotes":""},"categories":[4],"tags":[170],"class_list":["post-1765","post","type-post","status-publish","format-standard","has-post-thumbnail","hentry","category-internazionalizzazione-imprese","tag-brasile"],"acf":[],"yoast_head":"<!-- This site is optimized with the Yoast SEO plugin v27.5 - https:\/\/yoast.com\/product\/yoast-seo-wordpress\/ -->\n<title>Octagona e la CamCom Italiana del Minas Gerais | Octagona Srl<\/title>\n<meta name=\"description\" content=\"Octagona e Camera di Commercio Italiana del Minas Gerais insieme per la business mission per Expo 2015 a Milano.\" \/>\n<meta name=\"robots\" content=\"index, follow, max-snippet:-1, max-image-preview:large, max-video-preview:-1\" \/>\n<link rel=\"canonical\" href=\"https:\/\/octagona.com\/en\/octagona-with-minas-gerais-italian-chamber-of-commerce-for-october-business-mission-in-milan\/\" \/>\n<meta property=\"og:locale\" content=\"en_US\" \/>\n<meta property=\"og:type\" content=\"article\" \/>\n<meta property=\"og:title\" content=\"Octagona e la CamCom Italiana del Minas Gerais | Octagona Srl\" \/>\n<meta property=\"og:description\" content=\"Octagona e Camera di Commercio Italiana del Minas Gerais insieme per la business mission per Expo 2015 a Milano.\" \/>\n<meta property=\"og:url\" content=\"https:\/\/octagona.com\/en\/octagona-with-minas-gerais-italian-chamber-of-commerce-for-october-business-mission-in-milan\/\" \/>\n<meta property=\"og:site_name\" content=\"Octagona Srl\" \/>\n<meta property=\"article:published_time\" content=\"2015-09-16T09:15:14+00:00\" \/>\n<meta property=\"article:modified_time\" content=\"2022-11-15T16:48:40+00:00\" \/>\n<meta property=\"og:image\" content=\"https:\/\/octagona.com\/wp-content\/uploads\/2022\/03\/features.png\" \/>\n\t<meta property=\"og:image:width\" content=\"450\" \/>\n\t<meta property=\"og:image:height\" content=\"410\" \/>\n\t<meta property=\"og:image:type\" content=\"image\/png\" \/>\n<meta name=\"author\" content=\"tech@ctag@na\" \/>\n<meta name=\"twitter:card\" content=\"summary_large_image\" \/>\n<meta name=\"twitter:label1\" content=\"Written by\" \/>\n\t<meta name=\"twitter:data1\" content=\"tech@ctag@na\" \/>\n\t<meta name=\"twitter:label2\" content=\"Est. reading time\" \/>\n\t<meta name=\"twitter:data2\" content=\"2 minutes\" \/>\n<script type=\"application\/ld+json\" class=\"yoast-schema-graph\">{\"@context\":\"https:\\\/\\\/schema.org\",\"@graph\":[{\"@type\":\"Article\",\"@id\":\"https:\\\/\\\/octagona.com\\\/octagona-con-la-camera-di-commercio-italiana-del-minas-gerais-per-la-business-mission-di-ottobre-a-milano\\\/#article\",\"isPartOf\":{\"@id\":\"https:\\\/\\\/octagona.com\\\/octagona-con-la-camera-di-commercio-italiana-del-minas-gerais-per-la-business-mission-di-ottobre-a-milano\\\/\"},\"author\":{\"name\":\"tech@ctag@na\",\"@id\":\"https:\\\/\\\/octagona.com\\\/#\\\/schema\\\/person\\\/8b39075a8f53d48d3a967b6f6df255eb\"},\"headline\":\"Octagona con la Camera di Commercio Italiana del Minas Gerais per la Business Mission di ottobre a Milano\",\"datePublished\":\"2015-09-16T09:15:14+00:00\",\"dateModified\":\"2022-11-15T16:48:40+00:00\",\"mainEntityOfPage\":{\"@id\":\"https:\\\/\\\/octagona.com\\\/octagona-con-la-camera-di-commercio-italiana-del-minas-gerais-per-la-business-mission-di-ottobre-a-milano\\\/\"},\"wordCount\":314,\"commentCount\":0,\"publisher\":{\"@id\":\"https:\\\/\\\/octagona.com\\\/#organization\"},\"image\":{\"@id\":\"https:\\\/\\\/octagona.com\\\/octagona-con-la-camera-di-commercio-italiana-del-minas-gerais-per-la-business-mission-di-ottobre-a-milano\\\/#primaryimage\"},\"thumbnailUrl\":\"https:\\\/\\\/octagona.com\\\/wp-content\\\/uploads\\\/2022\\\/03\\\/features.png\",\"keywords\":[\"Brasile\"],\"articleSection\":[\"Internazionalizzazione\"],\"inLanguage\":\"en-US\",\"potentialAction\":[{\"@type\":\"CommentAction\",\"name\":\"Comment\",\"target\":[\"https:\\\/\\\/octagona.com\\\/octagona-con-la-camera-di-commercio-italiana-del-minas-gerais-per-la-business-mission-di-ottobre-a-milano\\\/#respond\"]}]},{\"@type\":\"WebPage\",\"@id\":\"https:\\\/\\\/octagona.com\\\/octagona-con-la-camera-di-commercio-italiana-del-minas-gerais-per-la-business-mission-di-ottobre-a-milano\\\/\",\"url\":\"https:\\\/\\\/octagona.com\\\/octagona-con-la-camera-di-commercio-italiana-del-minas-gerais-per-la-business-mission-di-ottobre-a-milano\\\/\",\"name\":\"Octagona e la CamCom Italiana del Minas Gerais | Octagona Srl\",\"isPartOf\":{\"@id\":\"https:\\\/\\\/octagona.com\\\/#website\"},\"primaryImageOfPage\":{\"@id\":\"https:\\\/\\\/octagona.com\\\/octagona-con-la-camera-di-commercio-italiana-del-minas-gerais-per-la-business-mission-di-ottobre-a-milano\\\/#primaryimage\"},\"image\":{\"@id\":\"https:\\\/\\\/octagona.com\\\/octagona-con-la-camera-di-commercio-italiana-del-minas-gerais-per-la-business-mission-di-ottobre-a-milano\\\/#primaryimage\"},\"thumbnailUrl\":\"https:\\\/\\\/octagona.com\\\/wp-content\\\/uploads\\\/2022\\\/03\\\/features.png\",\"datePublished\":\"2015-09-16T09:15:14+00:00\",\"dateModified\":\"2022-11-15T16:48:40+00:00\",\"description\":\"Octagona e Camera di Commercio Italiana del Minas Gerais insieme per la business mission per Expo 2015 a Milano.\",\"breadcrumb\":{\"@id\":\"https:\\\/\\\/octagona.com\\\/octagona-con-la-camera-di-commercio-italiana-del-minas-gerais-per-la-business-mission-di-ottobre-a-milano\\\/#breadcrumb\"},\"inLanguage\":\"en-US\",\"potentialAction\":[{\"@type\":\"ReadAction\",\"target\":[\"https:\\\/\\\/octagona.com\\\/octagona-con-la-camera-di-commercio-italiana-del-minas-gerais-per-la-business-mission-di-ottobre-a-milano\\\/\"]}]},{\"@type\":\"ImageObject\",\"inLanguage\":\"en-US\",\"@id\":\"https:\\\/\\\/octagona.com\\\/octagona-con-la-camera-di-commercio-italiana-del-minas-gerais-per-la-business-mission-di-ottobre-a-milano\\\/#primaryimage\",\"url\":\"https:\\\/\\\/octagona.com\\\/wp-content\\\/uploads\\\/2022\\\/03\\\/features.png\",\"contentUrl\":\"https:\\\/\\\/octagona.com\\\/wp-content\\\/uploads\\\/2022\\\/03\\\/features.png\",\"width\":450,\"height\":410},{\"@type\":\"BreadcrumbList\",\"@id\":\"https:\\\/\\\/octagona.com\\\/octagona-con-la-camera-di-commercio-italiana-del-minas-gerais-per-la-business-mission-di-ottobre-a-milano\\\/#breadcrumb\",\"itemListElement\":[{\"@type\":\"ListItem\",\"position\":1,\"name\":\"Home\",\"item\":\"https:\\\/\\\/octagona.com\\\/\"},{\"@type\":\"ListItem\",\"position\":2,\"name\":\"Octagona con la Camera di Commercio Italiana del Minas Gerais per la Business Mission di ottobre a Milano\"}]},{\"@type\":\"WebSite\",\"@id\":\"https:\\\/\\\/octagona.com\\\/#website\",\"url\":\"https:\\\/\\\/octagona.com\\\/\",\"name\":\"Octagona Srl\",\"description\":\"Widen your Ambitions\",\"publisher\":{\"@id\":\"https:\\\/\\\/octagona.com\\\/#organization\"},\"potentialAction\":[{\"@type\":\"SearchAction\",\"target\":{\"@type\":\"EntryPoint\",\"urlTemplate\":\"https:\\\/\\\/octagona.com\\\/?s={search_term_string}\"},\"query-input\":{\"@type\":\"PropertyValueSpecification\",\"valueRequired\":true,\"valueName\":\"search_term_string\"}}],\"inLanguage\":\"en-US\"},{\"@type\":\"Organization\",\"@id\":\"https:\\\/\\\/octagona.com\\\/#organization\",\"name\":\"Octagona Srl\",\"url\":\"https:\\\/\\\/octagona.com\\\/\",\"logo\":{\"@type\":\"ImageObject\",\"inLanguage\":\"en-US\",\"@id\":\"https:\\\/\\\/octagona.com\\\/#\\\/schema\\\/logo\\\/image\\\/\",\"url\":\"https:\\\/\\\/octagona.com\\\/wp-content\\\/uploads\\\/2022\\\/03\\\/logo-w.png\",\"contentUrl\":\"https:\\\/\\\/octagona.com\\\/wp-content\\\/uploads\\\/2022\\\/03\\\/logo-w.png\",\"width\":218,\"height\":40,\"caption\":\"Octagona Srl\"},\"image\":{\"@id\":\"https:\\\/\\\/octagona.com\\\/#\\\/schema\\\/logo\\\/image\\\/\"}},{\"@type\":\"Person\",\"@id\":\"https:\\\/\\\/octagona.com\\\/#\\\/schema\\\/person\\\/8b39075a8f53d48d3a967b6f6df255eb\",\"name\":\"tech@ctag@na\",\"image\":{\"@type\":\"ImageObject\",\"inLanguage\":\"en-US\",\"@id\":\"https:\\\/\\\/secure.gravatar.com\\\/avatar\\\/3f1301f46a3d55f6ce1428d6eb023f66459cbcb7e5a0f3325ff7310fb591c119?s=96&d=mm&r=g\",\"url\":\"https:\\\/\\\/secure.gravatar.com\\\/avatar\\\/3f1301f46a3d55f6ce1428d6eb023f66459cbcb7e5a0f3325ff7310fb591c119?s=96&d=mm&r=g\",\"contentUrl\":\"https:\\\/\\\/secure.gravatar.com\\\/avatar\\\/3f1301f46a3d55f6ce1428d6eb023f66459cbcb7e5a0f3325ff7310fb591c119?s=96&d=mm&r=g\",\"caption\":\"tech@ctag@na\"}}]}<\/script>\n<!-- \/ Yoast SEO plugin. -->","yoast_head_json":{"title":"Octagona and the Italian CamCom of Minas Gerais | Octagona Srl","description":"Octagona and Italian Chamber of Commerce of Minas Gerais together for business mission for Expo 2015 in Milan.","robots":{"index":"index","follow":"follow","max-snippet":"max-snippet:-1","max-image-preview":"max-image-preview:large","max-video-preview":"max-video-preview:-1"},"canonical":"https:\/\/octagona.com\/en\/octagona-with-minas-gerais-italian-chamber-of-commerce-for-october-business-mission-in-milan\/","og_locale":"en_US","og_type":"article","og_title":"Octagona e la CamCom Italiana del Minas Gerais | Octagona Srl","og_description":"Octagona e Camera di Commercio Italiana del Minas Gerais insieme per la business mission per Expo 2015 a Milano.","og_url":"https:\/\/octagona.com\/en\/octagona-with-minas-gerais-italian-chamber-of-commerce-for-october-business-mission-in-milan\/","og_site_name":"Octagona Srl","article_published_time":"2015-09-16T09:15:14+00:00","article_modified_time":"2022-11-15T16:48:40+00:00","og_image":[{"width":450,"height":410,"url":"https:\/\/octagona.com\/wp-content\/uploads\/2022\/03\/features.png","type":"image\/png"}],"author":"tech@ctag@na","twitter_card":"summary_large_image","twitter_misc":{"Written by":"tech@ctag@na","Est. reading time":"2 minutes"},"schema":{"@context":"https:\/\/schema.org","@graph":[{"@type":"Article","@id":"https:\/\/octagona.com\/octagona-con-la-camera-di-commercio-italiana-del-minas-gerais-per-la-business-mission-di-ottobre-a-milano\/#article","isPartOf":{"@id":"https:\/\/octagona.com\/octagona-con-la-camera-di-commercio-italiana-del-minas-gerais-per-la-business-mission-di-ottobre-a-milano\/"},"author":{"name":"tech@ctag@na","@id":"https:\/\/octagona.com\/#\/schema\/person\/8b39075a8f53d48d3a967b6f6df255eb"},"headline":"Octagona con la Camera di Commercio Italiana del Minas Gerais per la Business Mission di ottobre a Milano","datePublished":"2015-09-16T09:15:14+00:00","dateModified":"2022-11-15T16:48:40+00:00","mainEntityOfPage":{"@id":"https:\/\/octagona.com\/octagona-con-la-camera-di-commercio-italiana-del-minas-gerais-per-la-business-mission-di-ottobre-a-milano\/"},"wordCount":314,"commentCount":0,"publisher":{"@id":"https:\/\/octagona.com\/#organization"},"image":{"@id":"https:\/\/octagona.com\/octagona-con-la-camera-di-commercio-italiana-del-minas-gerais-per-la-business-mission-di-ottobre-a-milano\/#primaryimage"},"thumbnailUrl":"https:\/\/octagona.com\/wp-content\/uploads\/2022\/03\/features.png","keywords":["Brasile"],"articleSection":["Internazionalizzazione"],"inLanguage":"en-US","potentialAction":[{"@type":"CommentAction","name":"Comment","target":["https:\/\/octagona.com\/octagona-con-la-camera-di-commercio-italiana-del-minas-gerais-per-la-business-mission-di-ottobre-a-milano\/#respond"]}]},{"@type":"WebPage","@id":"https:\/\/octagona.com\/octagona-con-la-camera-di-commercio-italiana-del-minas-gerais-per-la-business-mission-di-ottobre-a-milano\/","url":"https:\/\/octagona.com\/octagona-con-la-camera-di-commercio-italiana-del-minas-gerais-per-la-business-mission-di-ottobre-a-milano\/","name":"Octagona and the Italian CamCom of Minas Gerais | Octagona Srl","isPartOf":{"@id":"https:\/\/octagona.com\/#website"},"primaryImageOfPage":{"@id":"https:\/\/octagona.com\/octagona-con-la-camera-di-commercio-italiana-del-minas-gerais-per-la-business-mission-di-ottobre-a-milano\/#primaryimage"},"image":{"@id":"https:\/\/octagona.com\/octagona-con-la-camera-di-commercio-italiana-del-minas-gerais-per-la-business-mission-di-ottobre-a-milano\/#primaryimage"},"thumbnailUrl":"https:\/\/octagona.com\/wp-content\/uploads\/2022\/03\/features.png","datePublished":"2015-09-16T09:15:14+00:00","dateModified":"2022-11-15T16:48:40+00:00","description":"Octagona and Italian Chamber of Commerce of Minas Gerais together for business mission for Expo 2015 in Milan.","breadcrumb":{"@id":"https:\/\/octagona.com\/octagona-con-la-camera-di-commercio-italiana-del-minas-gerais-per-la-business-mission-di-ottobre-a-milano\/#breadcrumb"},"inLanguage":"en-US","potentialAction":[{"@type":"ReadAction","target":["https:\/\/octagona.com\/octagona-con-la-camera-di-commercio-italiana-del-minas-gerais-per-la-business-mission-di-ottobre-a-milano\/"]}]},{"@type":"ImageObject","inLanguage":"en-US","@id":"https:\/\/octagona.com\/octagona-con-la-camera-di-commercio-italiana-del-minas-gerais-per-la-business-mission-di-ottobre-a-milano\/#primaryimage","url":"https:\/\/octagona.com\/wp-content\/uploads\/2022\/03\/features.png","contentUrl":"https:\/\/octagona.com\/wp-content\/uploads\/2022\/03\/features.png","width":450,"height":410},{"@type":"BreadcrumbList","@id":"https:\/\/octagona.com\/octagona-con-la-camera-di-commercio-italiana-del-minas-gerais-per-la-business-mission-di-ottobre-a-milano\/#breadcrumb","itemListElement":[{"@type":"ListItem","position":1,"name":"Home","item":"https:\/\/octagona.com\/"},{"@type":"ListItem","position":2,"name":"Octagona con la Camera di Commercio Italiana del Minas Gerais per la Business Mission di ottobre a Milano"}]},{"@type":"WebSite","@id":"https:\/\/octagona.com\/#website","url":"https:\/\/octagona.com\/","name":"Octagona Ltd.","description":"Widen your Ambitions","publisher":{"@id":"https:\/\/octagona.com\/#organization"},"potentialAction":[{"@type":"SearchAction","target":{"@type":"EntryPoint","urlTemplate":"https:\/\/octagona.com\/?s={search_term_string}"},"query-input":{"@type":"PropertyValueSpecification","valueRequired":true,"valueName":"search_term_string"}}],"inLanguage":"en-US"},{"@type":"Organization","@id":"https:\/\/octagona.com\/#organization","name":"Octagona Ltd.","url":"https:\/\/octagona.com\/","logo":{"@type":"ImageObject","inLanguage":"en-US","@id":"https:\/\/octagona.com\/#\/schema\/logo\/image\/","url":"https:\/\/octagona.com\/wp-content\/uploads\/2022\/03\/logo-w.png","contentUrl":"https:\/\/octagona.com\/wp-content\/uploads\/2022\/03\/logo-w.png","width":218,"height":40,"caption":"Octagona Srl"},"image":{"@id":"https:\/\/octagona.com\/#\/schema\/logo\/image\/"}},{"@type":"Person","@id":"https:\/\/octagona.com\/#\/schema\/person\/8b39075a8f53d48d3a967b6f6df255eb","name":"tech@ctag@na","image":{"@type":"ImageObject","inLanguage":"en-US","@id":"https:\/\/secure.gravatar.com\/avatar\/3f1301f46a3d55f6ce1428d6eb023f66459cbcb7e5a0f3325ff7310fb591c119?s=96&d=mm&r=g","url":"https:\/\/secure.gravatar.com\/avatar\/3f1301f46a3d55f6ce1428d6eb023f66459cbcb7e5a0f3325ff7310fb591c119?s=96&d=mm&r=g","contentUrl":"https:\/\/secure.gravatar.com\/avatar\/3f1301f46a3d55f6ce1428d6eb023f66459cbcb7e5a0f3325ff7310fb591c119?s=96&d=mm&r=g","caption":"tech@ctag@na"}}]}},"_links":{"self":[{"href":"https:\/\/octagona.com\/en\/wp-json\/wp\/v2\/posts\/1765","targetHints":{"allow":["GET"]}}],"collection":[{"href":"https:\/\/octagona.com\/en\/wp-json\/wp\/v2\/posts"}],"about":[{"href":"https:\/\/octagona.com\/en\/wp-json\/wp\/v2\/types\/post"}],"author":[{"embeddable":true,"href":"https:\/\/octagona.com\/en\/wp-json\/wp\/v2\/users\/3"}],"replies":[{"embeddable":true,"href":"https:\/\/octagona.com\/en\/wp-json\/wp\/v2\/comments?post=1765"}],"version-history":[{"count":0,"href":"https:\/\/octagona.com\/en\/wp-json\/wp\/v2\/posts\/1765\/revisions"}],"wp:featuredmedia":[{"embeddable":true,"href":"https:\/\/octagona.com\/en\/wp-json\/wp\/v2\/media\/283"}],"wp:attachment":[{"href":"https:\/\/octagona.com\/en\/wp-json\/wp\/v2\/media?parent=1765"}],"wp:term":[{"taxonomy":"category","embeddable":true,"href":"https:\/\/octagona.com\/en\/wp-json\/wp\/v2\/categories?post=1765"},{"taxonomy":"post_tag","embeddable":true,"href":"https:\/\/octagona.com\/en\/wp-json\/wp\/v2\/tags?post=1765"}],"curies":[{"name":"wp","href":"https:\/\/api.w.org\/{rel}","templated":true}]}}